{"id":3974,"date":"2017-10-06T18:20:47","date_gmt":"2017-10-06T18:20:47","guid":{"rendered":"https:\/\/www.eclips.aero\/?p=3974\/"},"modified":"2017-10-12T14:10:55","modified_gmt":"2017-10-12T14:10:55","slug":"organiser-rapatriement-de-corps-international","status":"publish","type":"post","link":"https:\/\/www.eclips.aero\/fr\/blog\/organiser-rapatriement-de-corps-international\/","title":{"rendered":"Comment organiser un rapatriement de corps \u00e0 l&rsquo;international ?"},"content":{"rendered":"<div class=\"wpb-content-wrapper\"><p>[vc_row el_id=\u00a0\u00bbintro\u00a0\u00bb][vc_column][vc_column_text]<\/p>\n<h5>Comment s&rsquo;y prendre pour transf\u00e9rer un corps hors de France, ou rapatrier un proche d\u00e9c\u00e9d\u00e9 \u00e0 l&rsquo;\u00e9tranger? Eclip&rsquo;s vous guide dans les d\u00e9marches importantes.<\/h5>\n<p>[\/vc_column_text][\/vc_column][\/vc_row][vc_row][vc_column][vc_column_text]<\/p>\n<h2>Transfert de corps \u00e0 l&rsquo;\u00e9tranger<\/h2>\n<p><strong>Les pompes fun\u00e8bres sont l&rsquo;interlocuteur privil\u00e9gi\u00e9 des familles endeuill\u00e9es<\/strong>. Ce sont des professionnels form\u00e9s, inform\u00e9s et respectueux des r\u00e9glementations comme des rituels. Eclip&rsquo;s travaille en parfaite coordination avec les pompes fun\u00e8bres en leur fournissant les informations de vol, de tarifs et formalit\u00e9s sp\u00e9cifiques avec r\u00e9activit\u00e9 et pr\u00e9cision, mais ne se substitue pas aux pompes fun\u00e8bres dans l&rsquo;accompagnement des familles.<\/p>\n<p>Dans ce contexte, nous vous rappellerons simplement les <strong>grandes \u00e9tapes \u00e0 suivre pour les familles qui\u00a0 doivent assurer un rapatriement de corps \u00e0 l&rsquo;\u00e9tranger<\/strong>:<\/p>\n<p><strong>1&gt; Faire constater le d\u00e9c\u00e8s par un m\u00e9decin et le d\u00e9clarer \u00e0 la mairie. <\/strong>Elle fournira l&rsquo;acte de d\u00e9c\u00e8s sous 24h, sur la base des \u00e9l\u00e9ments suivants: certificat m\u00e9dical de d\u00e9c\u00e8s, pi\u00e8ce d\u2019identit\u00e9 et \u00a0livret de famille du d\u00e9funt, justificatif d\u2019identit\u00e9 du d\u00e9clarant.<\/p>\n<p><strong>2&gt; Contacter<\/strong> <strong>une agence de pompes fun\u00e8bres <\/strong>qui s\u2019occupera de:<strong><br \/>\n<\/strong>&#8211; <strong>nous appeler<\/strong> au 0 806 00 11 112 pour organiser le transport a\u00e9rien,<br \/>\n&#8211; assurer le <strong>transport du corps<\/strong> sur un fun\u00e9rarium avant la mise en bi\u00e8re, r\u00e9aliser les <strong>soins de conservation<\/strong> le cas \u00e9ch\u00e9ant, et fournir un <strong>cercueil <\/strong>conforme \u00e0 la r\u00e9glementation IATA. NB: Selon les rituels, la toilette du d\u00e9funt peut \u00e9galement \u00eatre assur\u00e9e par la famille ou des personnels religieux.<br \/>\n&#8211; r\u00e9aliser les <strong><a href=\"\/fr\/blog\/demarches-documents-necessaires-transport-funeraire-aerien\/\">d\u00e9marches administratives<\/a>,<\/strong><br \/>\n&#8211; remettre le corps \u00e0 <strong>l\u2019a\u00e9roport<\/strong> d\u00e9termin\u00e9, au jour et \u00e0 l&rsquo;heure convenus selon les pr\u00e9requis de la compagnie a\u00e9rienne.<\/p>\n<p>Contacter \u00e9galement, le cas \u00e9ch\u00e9ant, la <strong>soci\u00e9t\u00e9 d&rsquo;assurance<\/strong>\u00a0dans le cas o\u00f9 la personne disparue avait un contrat obs\u00e8ques ou une assurance obs\u00e8ques.<\/p>\n<p><strong>3&gt; Pr\u00e9voir la prise en charge \u00e0 l&rsquo;\u00e9tranger<\/strong> par l&rsquo;entreprise de pompes fun\u00e8bres, la famille ou autre.<\/p>\n<h2>Rapatriement de corps en France<\/h2>\n<p>Dans le cas d&rsquo;un rapatriement de corps\u00a0 depuis l&rsquo;\u00e9tranger vers la France,\u00a0 les familles disposent dans leur grande majorit\u00e9 des services d&rsquo;une assistance attach\u00e9e \u00e0 leur carte de cr\u00e9dit, assurance habitation, entreprise\u00a0ou autre. Ces assurances font appel \u00e0 des <strong>assisteurs<\/strong>, qui se chargent de coordonner l&rsquo;ensemble des intervenants internationaux. Eclip&rsquo;s travaille \u00e9galement avec les assisteurs internationaux.<\/p>\n<p>[\/vc_column_text][\/vc_column][\/vc_row][vc_row][vc_column]<div class=\"templatera_shortcode\"><style type=\"text\/css\" data-type=\"vc_shortcodes-default-css\">.vc_do_message{padding-top:1em;padding-bottom:1em;padding-right:1em;padding-left:4em;margin-bottom:22px;}<\/style><div class=\"vc_message_box vc_message_box-standard vc_message_box-rounded vc_color-info vc_do_message\" ><div class=\"vc_message_box-icon\"><i class=\"fa fa-solid fa-circle-info\"><\/i><\/div><p>Sp\u00e9cialiste du transport fun\u00e9raire \u00e0 l'international, Eclip's r\u00e9pond aux pompes fun\u00e8bres et aux familles\u00a0sur les questions qu'elles se posent\u00a0lorsqu'un d\u00e9c\u00e8s survient et qu'il implique un transport a\u00e9rien.\u00a0Ces r\u00e9ponses sont bas\u00e9es sur notre exp\u00e9rience\u00a0\u00a0et concernent les cas les plus g\u00e9n\u00e9raux. Elles ne remplacent pas le conseil \u00e9clair\u00e9 de nos sp\u00e9cialistes lors de la prise en charge de votre demande, car chaque cas s'av\u00e8re particulier.<\/p>\n<\/div><\/div>[\/vc_column][\/vc_row]<\/p>\n<\/div>","protected":false},"excerpt":{"rendered":"<p>Comment s&rsquo;y prendre pour transf\u00e9rer un corps hors de France, ou rapatrier un proche d\u00e9c\u00e9d\u00e9 \u00e0 l&rsquo;\u00e9tranger? Eclip&rsquo;s vous guide dans les d\u00e9marches importantes.<\/p>\n","protected":false},"author":6,"featured_media":4055,"comment_status":"closed","ping_status":"open","sticky":true,"template":"","format":"standard","meta":{"iawp_total_views":72,"footnotes":""},"categories":[46],"tags":[],"class_list":["post-3974","post","type-post","status-publish","format-standard","has-post-thumbnail","hentry","category-faq"],"yoast_head":"<!-- This site is optimized with the Yoast SEO plugin v26.1 - https:\/\/yoast.com\/wordpress\/plugins\/seo\/ -->\n<title>Organiser un rapatriement de corps international &#8226; Eclip\u2019s<\/title>\n<meta name=\"description\" content=\"Comment s&#039;y prendre pour transf\u00e9rer un corps hors de France, ou rapatrier un proche d\u00e9c\u00e9d\u00e9 \u00e0 l&#039;\u00e9tranger? Eclip&#039;s vous guide dans les d\u00e9marches importantes.\" \/>\n<meta name=\"robots\" content=\"index, follow, max-snippet:-1, max-image-preview:large, max-video-preview:-1\" \/>\n<link rel=\"canonical\" href=\"https:\/\/www.eclips.aero\/fr\/blog\/organiser-rapatriement-de-corps-international\/\" \/>\n<meta property=\"og:locale\" content=\"fr_FR\" \/>\n<meta property=\"og:type\" content=\"article\" \/>\n<meta property=\"og:title\" content=\"Organiser un rapatriement de corps international &#8226; Eclip\u2019s\" \/>\n<meta property=\"og:description\" content=\"Comment s&#039;y prendre pour transf\u00e9rer un corps hors de France, ou rapatrier un proche d\u00e9c\u00e9d\u00e9 \u00e0 l&#039;\u00e9tranger? Eclip&#039;s vous guide dans les d\u00e9marches importantes.\" \/>\n<meta property=\"og:url\" content=\"https:\/\/www.eclips.aero\/fr\/blog\/organiser-rapatriement-de-corps-international\/\" \/>\n<meta property=\"og:site_name\" content=\"Eclip\u2019s\" \/>\n<meta property=\"article:publisher\" content=\"https:\/\/www.facebook.com\/Mathez-Freight-278819705819525\/\" \/>\n<meta property=\"article:published_time\" content=\"2017-10-06T18:20:47+00:00\" \/>\n<meta property=\"article:modified_time\" content=\"2017-10-12T14:10:55+00:00\" \/>\n<meta property=\"og:image\" content=\"https:\/\/www.eclips.aero\/wp-content\/uploads\/icon-info-rapatriement-red.png\" \/>\n\t<meta property=\"og:image:width\" content=\"833\" \/>\n\t<meta property=\"og:image:height\" content=\"556\" \/>\n\t<meta property=\"og:image:type\" content=\"image\/png\" \/>\n<meta name=\"author\" content=\"Eclip&#039;s\" \/>\n<meta name=\"twitter:card\" content=\"summary_large_image\" \/>\n<meta name=\"twitter:creator\" content=\"@MathezFreight\" \/>\n<meta name=\"twitter:site\" content=\"@MathezFreight\" \/>\n<meta name=\"twitter:label1\" content=\"\u00c9crit par\" \/>\n\t<meta name=\"twitter:data1\" content=\"Eclip&#039;s\" \/>\n\t<meta name=\"twitter:label2\" content=\"Dur\u00e9e de lecture estim\u00e9e\" \/>\n\t<meta name=\"twitter:data2\" content=\"2 minutes\" \/>\n<script type=\"application\/ld+json\" class=\"yoast-schema-graph\">{\"@context\":\"https:\/\/schema.org\",\"@graph\":[{\"@type\":\"Article\",\"@id\":\"https:\/\/www.eclips.aero\/fr\/blog\/organiser-rapatriement-de-corps-international\/#article\",\"isPartOf\":{\"@id\":\"https:\/\/www.eclips.aero\/fr\/blog\/organiser-rapatriement-de-corps-international\/\"},\"author\":{\"name\":\"Eclip's\",\"@id\":\"https:\/\/www.eclips.aero\/fr\/#\/schema\/person\/c89bc8c4949153c33164b6d5268331fc\"},\"headline\":\"Comment organiser un rapatriement de corps \u00e0 l&rsquo;international ?\",\"datePublished\":\"2017-10-06T18:20:47+00:00\",\"dateModified\":\"2017-10-12T14:10:55+00:00\",\"mainEntityOfPage\":{\"@id\":\"https:\/\/www.eclips.aero\/fr\/blog\/organiser-rapatriement-de-corps-international\/\"},\"wordCount\":450,\"publisher\":{\"@id\":\"https:\/\/www.eclips.aero\/fr\/#organization\"},\"image\":{\"@id\":\"https:\/\/www.eclips.aero\/fr\/blog\/organiser-rapatriement-de-corps-international\/#primaryimage\"},\"thumbnailUrl\":\"https:\/\/www.eclips.aero\/wp-content\/uploads\/icon-info-rapatriement-red.png\",\"articleSection\":[\"Rapatriement de corps: FAQ\"],\"inLanguage\":\"fr-FR\"},{\"@type\":\"WebPage\",\"@id\":\"https:\/\/www.eclips.aero\/fr\/blog\/organiser-rapatriement-de-corps-international\/\",\"url\":\"https:\/\/www.eclips.aero\/fr\/blog\/organiser-rapatriement-de-corps-international\/\",\"name\":\"Organiser un rapatriement de corps international &#8226; Eclip\u2019s\",\"isPartOf\":{\"@id\":\"https:\/\/www.eclips.aero\/fr\/#website\"},\"primaryImageOfPage\":{\"@id\":\"https:\/\/www.eclips.aero\/fr\/blog\/organiser-rapatriement-de-corps-international\/#primaryimage\"},\"image\":{\"@id\":\"https:\/\/www.eclips.aero\/fr\/blog\/organiser-rapatriement-de-corps-international\/#primaryimage\"},\"thumbnailUrl\":\"https:\/\/www.eclips.aero\/wp-content\/uploads\/icon-info-rapatriement-red.png\",\"datePublished\":\"2017-10-06T18:20:47+00:00\",\"dateModified\":\"2017-10-12T14:10:55+00:00\",\"description\":\"Comment s'y prendre pour transf\u00e9rer un corps hors de France, ou rapatrier un proche d\u00e9c\u00e9d\u00e9 \u00e0 l'\u00e9tranger? Eclip's vous guide dans les d\u00e9marches importantes.\",\"breadcrumb\":{\"@id\":\"https:\/\/www.eclips.aero\/fr\/blog\/organiser-rapatriement-de-corps-international\/#breadcrumb\"},\"inLanguage\":\"fr-FR\",\"potentialAction\":[{\"@type\":\"ReadAction\",\"target\":[\"https:\/\/www.eclips.aero\/fr\/blog\/organiser-rapatriement-de-corps-international\/\"]}]},{\"@type\":\"ImageObject\",\"inLanguage\":\"fr-FR\",\"@id\":\"https:\/\/www.eclips.aero\/fr\/blog\/organiser-rapatriement-de-corps-international\/#primaryimage\",\"url\":\"https:\/\/www.eclips.aero\/wp-content\/uploads\/icon-info-rapatriement-red.png\",\"contentUrl\":\"https:\/\/www.eclips.aero\/wp-content\/uploads\/icon-info-rapatriement-red.png\",\"width\":833,\"height\":556,\"caption\":\"Organiser un rapatriement de corps\"},{\"@type\":\"BreadcrumbList\",\"@id\":\"https:\/\/www.eclips.aero\/fr\/blog\/organiser-rapatriement-de-corps-international\/#breadcrumb\",\"itemListElement\":[{\"@type\":\"ListItem\",\"position\":1,\"name\":\"Accueil\",\"item\":\"https:\/\/www.eclips.aero\/fr\/\"},{\"@type\":\"ListItem\",\"position\":2,\"name\":\"Comment organiser un rapatriement de corps \u00e0 l&#8217;international ?\"}]},{\"@type\":\"WebSite\",\"@id\":\"https:\/\/www.eclips.aero\/fr\/#website\",\"url\":\"https:\/\/www.eclips.aero\/fr\/\",\"name\":\"Eclip\u2019s\",\"description\":\"Transport fun\u00e9raire, rapatriement de corps\",\"publisher\":{\"@id\":\"https:\/\/www.eclips.aero\/fr\/#organization\"},\"potentialAction\":[{\"@type\":\"SearchAction\",\"target\":{\"@type\":\"EntryPoint\",\"urlTemplate\":\"https:\/\/www.eclips.aero\/fr\/?s={search_term_string}\"},\"query-input\":{\"@type\":\"PropertyValueSpecification\",\"valueRequired\":true,\"valueName\":\"search_term_string\"}}],\"inLanguage\":\"fr-FR\"},{\"@type\":\"Organization\",\"@id\":\"https:\/\/www.eclips.aero\/fr\/#organization\",\"name\":\"Eclip's\",\"url\":\"https:\/\/www.eclips.aero\/fr\/\",\"logo\":{\"@type\":\"ImageObject\",\"inLanguage\":\"fr-FR\",\"@id\":\"https:\/\/www.eclips.aero\/fr\/#\/schema\/logo\/image\/\",\"url\":\"https:\/\/www.eclips.aero\/wp-content\/uploads\/logo-eclips-grey-fr.gif\",\"contentUrl\":\"https:\/\/www.eclips.aero\/wp-content\/uploads\/logo-eclips-grey-fr.gif\",\"width\":236,\"height\":71,\"caption\":\"Eclip's\"},\"image\":{\"@id\":\"https:\/\/www.eclips.aero\/fr\/#\/schema\/logo\/image\/\"},\"sameAs\":[\"https:\/\/www.facebook.com\/Mathez-Freight-278819705819525\/\",\"https:\/\/x.com\/MathezFreight\",\"https:\/\/www.linkedin.com\/company\/mathez-freight-forwarding\",\"https:\/\/www.youtube.com\/channel\/UCn27me75AYWVse3M2um9xJg\"]},{\"@type\":\"Person\",\"@id\":\"https:\/\/www.eclips.aero\/fr\/#\/schema\/person\/c89bc8c4949153c33164b6d5268331fc\",\"name\":\"Eclip's\",\"image\":{\"@type\":\"ImageObject\",\"inLanguage\":\"fr-FR\",\"@id\":\"https:\/\/www.eclips.aero\/fr\/#\/schema\/person\/image\/\",\"url\":\"https:\/\/secure.gravatar.com\/avatar\/d58f3712ade4ede9d60335dffd479a9724672c79399b3a02ec825eb533ab1c0a?s=96&d=mm&r=g\",\"contentUrl\":\"https:\/\/secure.gravatar.com\/avatar\/d58f3712ade4ede9d60335dffd479a9724672c79399b3a02ec825eb533ab1c0a?s=96&d=mm&r=g\",\"caption\":\"Eclip's\"}}]}<\/script>\n<!-- \/ Yoast SEO plugin. -->","yoast_head_json":{"title":"Organiser un rapatriement de corps international &#8226; Eclip\u2019s","description":"Comment s'y prendre pour transf\u00e9rer un corps hors de France, ou rapatrier un proche d\u00e9c\u00e9d\u00e9 \u00e0 l'\u00e9tranger? Eclip's vous guide dans les d\u00e9marches importantes.","robots":{"index":"index","follow":"follow","max-snippet":"max-snippet:-1","max-image-preview":"max-image-preview:large","max-video-preview":"max-video-preview:-1"},"canonical":"https:\/\/www.eclips.aero\/fr\/blog\/organiser-rapatriement-de-corps-international\/","og_locale":"fr_FR","og_type":"article","og_title":"Organiser un rapatriement de corps international &#8226; Eclip\u2019s","og_description":"Comment s'y prendre pour transf\u00e9rer un corps hors de France, ou rapatrier un proche d\u00e9c\u00e9d\u00e9 \u00e0 l'\u00e9tranger? Eclip's vous guide dans les d\u00e9marches importantes.","og_url":"https:\/\/www.eclips.aero\/fr\/blog\/organiser-rapatriement-de-corps-international\/","og_site_name":"Eclip\u2019s","article_publisher":"https:\/\/www.facebook.com\/Mathez-Freight-278819705819525\/","article_published_time":"2017-10-06T18:20:47+00:00","article_modified_time":"2017-10-12T14:10:55+00:00","og_image":[{"width":833,"height":556,"url":"https:\/\/www.eclips.aero\/wp-content\/uploads\/icon-info-rapatriement-red.png","type":"image\/png"}],"author":"Eclip's","twitter_card":"summary_large_image","twitter_creator":"@MathezFreight","twitter_site":"@MathezFreight","twitter_misc":{"\u00c9crit par":"Eclip's","Dur\u00e9e de lecture estim\u00e9e":"2 minutes"},"schema":{"@context":"https:\/\/schema.org","@graph":[{"@type":"Article","@id":"https:\/\/www.eclips.aero\/fr\/blog\/organiser-rapatriement-de-corps-international\/#article","isPartOf":{"@id":"https:\/\/www.eclips.aero\/fr\/blog\/organiser-rapatriement-de-corps-international\/"},"author":{"name":"Eclip's","@id":"https:\/\/www.eclips.aero\/fr\/#\/schema\/person\/c89bc8c4949153c33164b6d5268331fc"},"headline":"Comment organiser un rapatriement de corps \u00e0 l&rsquo;international ?","datePublished":"2017-10-06T18:20:47+00:00","dateModified":"2017-10-12T14:10:55+00:00","mainEntityOfPage":{"@id":"https:\/\/www.eclips.aero\/fr\/blog\/organiser-rapatriement-de-corps-international\/"},"wordCount":450,"publisher":{"@id":"https:\/\/www.eclips.aero\/fr\/#organization"},"image":{"@id":"https:\/\/www.eclips.aero\/fr\/blog\/organiser-rapatriement-de-corps-international\/#primaryimage"},"thumbnailUrl":"https:\/\/www.eclips.aero\/wp-content\/uploads\/icon-info-rapatriement-red.png","articleSection":["Rapatriement de corps: FAQ"],"inLanguage":"fr-FR"},{"@type":"WebPage","@id":"https:\/\/www.eclips.aero\/fr\/blog\/organiser-rapatriement-de-corps-international\/","url":"https:\/\/www.eclips.aero\/fr\/blog\/organiser-rapatriement-de-corps-international\/","name":"Organiser un rapatriement de corps international &#8226; Eclip\u2019s","isPartOf":{"@id":"https:\/\/www.eclips.aero\/fr\/#website"},"primaryImageOfPage":{"@id":"https:\/\/www.eclips.aero\/fr\/blog\/organiser-rapatriement-de-corps-international\/#primaryimage"},"image":{"@id":"https:\/\/www.eclips.aero\/fr\/blog\/organiser-rapatriement-de-corps-international\/#primaryimage"},"thumbnailUrl":"https:\/\/www.eclips.aero\/wp-content\/uploads\/icon-info-rapatriement-red.png","datePublished":"2017-10-06T18:20:47+00:00","dateModified":"2017-10-12T14:10:55+00:00","description":"Comment s'y prendre pour transf\u00e9rer un corps hors de France, ou rapatrier un proche d\u00e9c\u00e9d\u00e9 \u00e0 l'\u00e9tranger? Eclip's vous guide dans les d\u00e9marches importantes.","breadcrumb":{"@id":"https:\/\/www.eclips.aero\/fr\/blog\/organiser-rapatriement-de-corps-international\/#breadcrumb"},"inLanguage":"fr-FR","potentialAction":[{"@type":"ReadAction","target":["https:\/\/www.eclips.aero\/fr\/blog\/organiser-rapatriement-de-corps-international\/"]}]},{"@type":"ImageObject","inLanguage":"fr-FR","@id":"https:\/\/www.eclips.aero\/fr\/blog\/organiser-rapatriement-de-corps-international\/#primaryimage","url":"https:\/\/www.eclips.aero\/wp-content\/uploads\/icon-info-rapatriement-red.png","contentUrl":"https:\/\/www.eclips.aero\/wp-content\/uploads\/icon-info-rapatriement-red.png","width":833,"height":556,"caption":"Organiser un rapatriement de corps"},{"@type":"BreadcrumbList","@id":"https:\/\/www.eclips.aero\/fr\/blog\/organiser-rapatriement-de-corps-international\/#breadcrumb","itemListElement":[{"@type":"ListItem","position":1,"name":"Accueil","item":"https:\/\/www.eclips.aero\/fr\/"},{"@type":"ListItem","position":2,"name":"Comment organiser un rapatriement de corps \u00e0 l&#8217;international ?"}]},{"@type":"WebSite","@id":"https:\/\/www.eclips.aero\/fr\/#website","url":"https:\/\/www.eclips.aero\/fr\/","name":"Eclip\u2019s","description":"Transport fun\u00e9raire, rapatriement de corps","publisher":{"@id":"https:\/\/www.eclips.aero\/fr\/#organization"},"potentialAction":[{"@type":"SearchAction","target":{"@type":"EntryPoint","urlTemplate":"https:\/\/www.eclips.aero\/fr\/?s={search_term_string}"},"query-input":{"@type":"PropertyValueSpecification","valueRequired":true,"valueName":"search_term_string"}}],"inLanguage":"fr-FR"},{"@type":"Organization","@id":"https:\/\/www.eclips.aero\/fr\/#organization","name":"Eclip's","url":"https:\/\/www.eclips.aero\/fr\/","logo":{"@type":"ImageObject","inLanguage":"fr-FR","@id":"https:\/\/www.eclips.aero\/fr\/#\/schema\/logo\/image\/","url":"https:\/\/www.eclips.aero\/wp-content\/uploads\/logo-eclips-grey-fr.gif","contentUrl":"https:\/\/www.eclips.aero\/wp-content\/uploads\/logo-eclips-grey-fr.gif","width":236,"height":71,"caption":"Eclip's"},"image":{"@id":"https:\/\/www.eclips.aero\/fr\/#\/schema\/logo\/image\/"},"sameAs":["https:\/\/www.facebook.com\/Mathez-Freight-278819705819525\/","https:\/\/x.com\/MathezFreight","https:\/\/www.linkedin.com\/company\/mathez-freight-forwarding","https:\/\/www.youtube.com\/channel\/UCn27me75AYWVse3M2um9xJg"]},{"@type":"Person","@id":"https:\/\/www.eclips.aero\/fr\/#\/schema\/person\/c89bc8c4949153c33164b6d5268331fc","name":"Eclip's","image":{"@type":"ImageObject","inLanguage":"fr-FR","@id":"https:\/\/www.eclips.aero\/fr\/#\/schema\/person\/image\/","url":"https:\/\/secure.gravatar.com\/avatar\/d58f3712ade4ede9d60335dffd479a9724672c79399b3a02ec825eb533ab1c0a?s=96&d=mm&r=g","contentUrl":"https:\/\/secure.gravatar.com\/avatar\/d58f3712ade4ede9d60335dffd479a9724672c79399b3a02ec825eb533ab1c0a?s=96&d=mm&r=g","caption":"Eclip's"}}]}},"_links":{"self":[{"href":"https:\/\/www.eclips.aero\/fr\/wp-json\/wp\/v2\/posts\/3974","targetHints":{"allow":["GET"]}}],"collection":[{"href":"https:\/\/www.eclips.aero\/fr\/wp-json\/wp\/v2\/posts"}],"about":[{"href":"https:\/\/www.eclips.aero\/fr\/wp-json\/wp\/v2\/types\/post"}],"author":[{"embeddable":true,"href":"https:\/\/www.eclips.aero\/fr\/wp-json\/wp\/v2\/users\/6"}],"replies":[{"embeddable":true,"href":"https:\/\/www.eclips.aero\/fr\/wp-json\/wp\/v2\/comments?post=3974"}],"version-history":[{"count":0,"href":"https:\/\/www.eclips.aero\/fr\/wp-json\/wp\/v2\/posts\/3974\/revisions"}],"wp:featuredmedia":[{"embeddable":true,"href":"https:\/\/www.eclips.aero\/fr\/wp-json\/wp\/v2\/media\/4055"}],"wp:attachment":[{"href":"https:\/\/www.eclips.aero\/fr\/wp-json\/wp\/v2\/media?parent=3974"}],"wp:term":[{"taxonomy":"category","embeddable":true,"href":"https:\/\/www.eclips.aero\/fr\/wp-json\/wp\/v2\/categories?post=3974"},{"taxonomy":"post_tag","embeddable":true,"href":"https:\/\/www.eclips.aero\/fr\/wp-json\/wp\/v2\/tags?post=3974"}],"curies":[{"name":"wp","href":"https:\/\/api.w.org\/{rel}","templated":true}]}}